{"id":703,"date":"2015-02-12T19:25:27","date_gmt":"2015-02-12T19:25:27","guid":{"rendered":"http:\/\/sangvirkelaget.org\/wp\/?p=703"},"modified":"2015-02-12T19:25:27","modified_gmt":"2015-02-12T19:25:27","slug":"nordisk-baltisk-korfestival","status":"publish","type":"post","link":"http:\/\/sangvirkelaget.org\/wp\/?p=703","title":{"rendered":"Nordisk Baltisk korfestival"},"content":{"rendered":"<p><a href=\"http:\/\/sangvirkelaget.org\/wp\/wp-content\/uploads\/2015\/02\/Skjermbilde-2015-02-12-kl.-20.21.03.png\"><img decoding=\"async\" loading=\"lazy\" class=\"aligncenter size-medium wp-image-704\" src=\"http:\/\/sangvirkelaget.org\/wp\/wp-content\/uploads\/2015\/02\/Skjermbilde-2015-02-12-kl.-20.21.03-300x182.png\" alt=\"Skjermbilde 2015-02-12 kl. 20.21.03\" width=\"300\" height=\"182\" srcset=\"http:\/\/sangvirkelaget.org\/wp\/wp-content\/uploads\/2015\/02\/Skjermbilde-2015-02-12-kl.-20.21.03-300x182.png 300w, http:\/\/sangvirkelaget.org\/wp\/wp-content\/uploads\/2015\/02\/Skjermbilde-2015-02-12-kl.-20.21.03-160x97.png 160w, http:\/\/sangvirkelaget.org\/wp\/wp-content\/uploads\/2015\/02\/Skjermbilde-2015-02-12-kl.-20.21.03.png 508w\" sizes=\"(max-width: 300px) 100vw, 300px\" \/><\/a><\/p>\n<p>&nbsp;<\/p>\n<h2>Nordisk-Baltisk korfestival arrangeres i et nordisk eller baltisk land. I \u00e5r er det 20-\u00e5rs jubileum for festivalen, og den skal\u00a0arrangeres\u00a0i Riga i Latvia. Festivalen regner med rundt 10 000 deltakere.<\/h2>\n<p>\u200b<br \/>\nSangvirkelaget er allerede i gang med \u00e5 \u00f8ve inn sangene som er satt sammen i noteheftet til festivalen, og vi har allerede f\u00e5tt sommerfugler i magen. Det er en flott samling av sanger som er satt sammen fra flere av de nordiske og baltiske landene. Dette blir kjempespennende!<\/p>\n<p>Les mer p\u00e5 <a href=\"https:\/\/www.kor.no\/Sider\/Nordisk-Baltisk-korfestival-i-Riga-2015.aspx\">korforbundets<\/a> side!<\/p>\n<p>&nbsp;<\/p>\n","protected":false},"excerpt":{"rendered":"<p>&nbsp; Nordisk-Baltisk korfestival arrangeres i et nordisk eller baltisk land. I \u00e5r er det 20-\u00e5rs jubileum for festivalen, og den skal\u00a0arrangeres\u00a0i Riga i Latvia. Festivalen regner med rundt 10 000 deltakere. \u200b Sangvirkelaget er allerede i gang med \u00e5 \u00f8ve inn sangene som er satt sammen i noteheftet til festivalen, og vi har allerede f\u00e5tt &hellip; <a href=\"http:\/\/sangvirkelaget.org\/wp\/?p=703\" class=\"more-link\">Fortsett \u00e5 lese <span class=\"screen-reader-text\">Nordisk Baltisk korfestival<\/span> <span class=\"meta-nav\">&rarr;<\/span><\/a><\/p>\n","protected":false},"author":1,"featured_media":0,"comment_status":"closed","ping_status":"closed","sticky":false,"template":"","format":"standard","meta":[],"categories":[1],"tags":[],"_links":{"self":[{"href":"http:\/\/sangvirkelaget.org\/wp\/index.php?rest_route=\/wp\/v2\/posts\/703"}],"collection":[{"href":"http:\/\/sangvirkelaget.org\/wp\/index.php?rest_route=\/wp\/v2\/posts"}],"about":[{"href":"http:\/\/sangvirkelaget.org\/wp\/index.php?rest_route=\/wp\/v2\/types\/post"}],"author":[{"embeddable":true,"href":"http:\/\/sangvirkelaget.org\/wp\/index.php?rest_route=\/wp\/v2\/users\/1"}],"replies":[{"embeddable":true,"href":"http:\/\/sangvirkelaget.org\/wp\/index.php?rest_route=%2Fwp%2Fv2%2Fcomments&post=703"}],"version-history":[{"count":1,"href":"http:\/\/sangvirkelaget.org\/wp\/index.php?rest_route=\/wp\/v2\/posts\/703\/revisions"}],"predecessor-version":[{"id":705,"href":"http:\/\/sangvirkelaget.org\/wp\/index.php?rest_route=\/wp\/v2\/posts\/703\/revisions\/705"}],"wp:attachment":[{"href":"http:\/\/sangvirkelaget.org\/wp\/index.php?rest_route=%2Fwp%2Fv2%2Fmedia&parent=703"}],"wp:term":[{"taxonomy":"category","embeddable":true,"href":"http:\/\/sangvirkelaget.org\/wp\/index.php?rest_route=%2Fwp%2Fv2%2Fcategories&post=703"},{"taxonomy":"post_tag","embeddable":true,"href":"http:\/\/sangvirkelaget.org\/wp\/index.php?rest_route=%2Fwp%2Fv2%2Ftags&post=703"}],"curies":[{"name":"wp","href":"https:\/\/api.w.org\/{rel}","templated":true}]}}